{"id":342,"date":"2022-12-18T00:00:00","date_gmt":"2022-12-17T23:00:00","guid":{"rendered":"http:\/\/eisenbahnfans.ch\/fr\/?p=342"},"modified":"2025-01-02T17:58:14","modified_gmt":"2025-01-02T16:58:14","slug":"calendrier","status":"publish","type":"post","link":"https:\/\/bahn.photos\/fr\/calendrier\/","title":{"rendered":"Calendrier ferroviaire 2025"},"content":{"rendered":"\n<p>Cherchez-vous encore un calendrier pour 2025 ? Ici, vous ferez une trouvaille !<br><\/p>\n\n\n\n<!--more-->\n\n\n\n<p>N&rsquo;h\u00e9sitez pas \u00e0 commander ce<strong> calendrier en format A3 portrait&nbsp;pour 15 francs seulement<\/strong>. \u00c0 cela s\u2019ajoutent les frais de port selon le tableau des prix de la Poste Suisse. L\u2019envoi du calendrier en Suisse co\u00fbte donc 7 francs. Remises personnelles et envoi \u00e0 l\u2019\u00e9tranger sur demande.<\/p>\n\n\n\n<p>Pour la commande veuillez envoyer un e-mail \u00e0 <a href=\"mailto:mail@bahn.photos\">mail[at]bahn.photos<\/a> en indiquant \u00ab calendrier ferroviaire 2025 \u00bb comme objet, votre nom et votre adresse de livraison compl\u00e8te.\u00a0Je me r\u00e9jouis de votre commande !<\/p>\n\n\n\n<figure data-wp-context=\"{&quot;imageId&quot;:&quot;69f400cbe6eff&quot;}\" data-wp-interactive=\"core\/image\" data-wp-key=\"69f400cbe6eff\" class=\"wp-block-image size-full wp-lightbox-container\"><img loading=\"lazy\" decoding=\"async\" width=\"595\" height=\"703\" data-wp-class--hide=\"state.isContentHidden\" data-wp-class--show=\"state.isContentVisible\" data-wp-init=\"callbacks.setButtonStyles\" data-wp-on--click=\"actions.showLightbox\" data-wp-on--load=\"callbacks.setButtonStyles\" data-wp-on-window--resize=\"callbacks.setButtonStyles\" src=\"https:\/\/bahn.photos\/wp-content\/uploads\/2022\/12\/kalender2025_bahn-photos_monatsuebersicht.jpg\" alt=\"\" class=\"wp-image-1278\" srcset=\"https:\/\/bahn.photos\/wp-content\/uploads\/2022\/12\/kalender2025_bahn-photos_monatsuebersicht.jpg 595w, https:\/\/bahn.photos\/wp-content\/uploads\/2022\/12\/kalender2025_bahn-photos_monatsuebersicht-254x300.jpg 254w, https:\/\/bahn.photos\/wp-content\/uploads\/2022\/12\/kalender2025_bahn-photos_monatsuebersicht-508x600.jpg 508w\" sizes=\"auto, (max-width: 595px) 100vw, 595px\" \/><button\n\t\t\tclass=\"lightbox-trigger\"\n\t\t\ttype=\"button\"\n\t\t\taria-haspopup=\"dialog\"\n\t\t\taria-label=\"Agrandir\"\n\t\t\tdata-wp-init=\"callbacks.initTriggerButton\"\n\t\t\tdata-wp-on--click=\"actions.showLightbox\"\n\t\t\tdata-wp-style--right=\"state.imageButtonRight\"\n\t\t\tdata-wp-style--top=\"state.imageButtonTop\"\n\t\t>\n\t\t\t<svg xmlns=\"http:\/\/www.w3.org\/2000\/svg\" width=\"12\" height=\"12\" fill=\"none\" viewBox=\"0 0 12 12\">\n\t\t\t\t<path fill=\"#fff\" d=\"M2 0a2 2 0 0 0-2 2v2h1.5V2a.5.5 0 0 1 .5-.5h2V0H2Zm2 10.5H2a.5.5 0 0 1-.5-.5V8H0v2a2 2 0 0 0 2 2h2v-1.5ZM8 12v-1.5h2a.5.5 0 0 0 .5-.5V8H12v2a2 2 0 0 1-2 2H8Zm2-12a2 2 0 0 1 2 2v2h-1.5V2a.5.5 0 0 0-.5-.5H8V0h2Z\" \/>\n\t\t\t<\/svg>\n\t\t<\/button><\/figure>\n\n\n\n<p>Le calendrier 2025 est plurilingue (d\/f). La langue de la courte description de la photo est d\u00e9finie par le lieu o\u00f9 la photo a \u00e9t\u00e9 prise. En plus des treize pages standard d&rsquo;un calendrier j&rsquo;ai ajout\u00e9 cette ann\u00e9e \u00e0 nouveau une quatorzi\u00e8me page avec une photo d&rsquo;ambiance.<\/p>\n\n\n\n<p>Le calendrier sera imprim\u00e9 en Suisse sur du papier certifi\u00e9 FSC en recto-verso. Une pince est livr\u00e9e avec le calendrier, afin de pouvoir l&rsquo;accrocher au mur. <\/p>\n\n\n\n<p>Vous pr\u00e9f\u00e9rez imprimer le calendrier vous-m\u00eame (pour une utilisation personnelle uniquement) ? Vous aimeriez juste le regarder sur votre \u00e9cran ? Pas de probl\u00e8me, sous \u00ab T\u00e9l\u00e9chargements \u00bb vous avez la possibilit\u00e9 de t\u00e9l\u00e9charger le fichier PDF du calendrier 2025 et aussi ceux des ann\u00e9es pr\u00e9c\u00e9dentes.<\/p>\n\n\n\n<p><b>T\u00e9l\u00e9chargements<\/b><\/p>\n\n\n\n<p><a href=\"https:\/\/bahn.photos\/kalender2025_bahnphotos_web.pdf\" target=\"_blank\" rel=\"noreferrer noopener\">Calendrier ferroviaire 2025 fichier PDF (r\u00e9solution r\u00e9duite 11MB, original sur demande)<\/a><\/p>\n\n\n\n<p><a href=\"https:\/\/bahn.photos\/kalender2024_bahnphotos_web.pdf\" target=\"_blank\" rel=\"noreferrer noopener\">Calendrier ferroviaire 2024 fichier PDF (r\u00e9solution r\u00e9duite 9MB, original sur demande)<\/a><\/p>\n\n\n\n<p><a href=\"https:\/\/bahn.photos\/kalender2023_bahnphotos_web.pdf\" target=\"_blank\" rel=\"noreferrer noopener\">Calendrier ferroviaire 2023 fichier PDF (r\u00e9solution r\u00e9duite 10MB, original sur demande)<\/a><\/p>\n\n\n\n<p><a href=\"https:\/\/bahn.photos\/kalender2022_bahnphotos_web.pdf\" target=\"_blank\" rel=\"noopener\">Calendrier ferroviaire 2022 fichier PDF (r\u00e9solution r\u00e9duite 9MB, original sur demande)<\/a><\/p>\n\n\n\n<p><a href=\"https:\/\/bahn.photos\/kalender2021_bahnphotos_web.pdf\" target=\"_blank\" rel=\"noopener noreferrer\">Calendrier ferroviaire 2021 fichier PDF (r\u00e9solution r\u00e9duite 9MB, original sur demande)<\/a><\/p>\n\n\n\n<p><a href=\"https:\/\/bahn.photos\/kalender2020_bahn-photos_web.pdf\" target=\"_blank\" rel=\"noopener noreferrer\">Calendrier ferroviaire 2020 fichier PDF (r\u00e9solution r\u00e9duite 9MB, original sur demande)<\/a><\/p>\n\n\n\n<p><a href=\"https:\/\/bahn.photos\/kalender2019_eisenbahnfans_web.pdf\" target=\"_blank\" rel=\"noopener noreferrer\">Calendrier ferroviaire 2019 fichier PDF (r\u00e9solution r\u00e9duite 11MB, original sur demande)<\/a><\/p>\n\n\n\n<p><a href=\"https:\/\/bahn.photos\/kalender2018_eisenbahnfans_web.pdf\" target=\"_blank\" rel=\"noopener noreferrer\">Calendrier ferroviaire 2018 fichier PDF (r\u00e9solution r\u00e9duite 9MB, original sur demande)<\/a><\/p>\n\n\n\n<p><a href=\"https:\/\/bahn.photos\/kalender2017_eisenbahnfans_web.pdf\" target=\"_blank\" rel=\"noopener noreferrer\">Calendrier ferroviaire 2017 fichier PDF (r\u00e9solution r\u00e9duite 8MB, original sur demande)<\/a><\/p>\n\n\n\n<p><a href=\"https:\/\/bahn.photos\/kalender2016_eisenbahnfans_web.pdf\" target=\"_blank\" rel=\"noopener noreferrer\">Bahnkalender 2016 als PDF-Datei (reduzierte Aufl\u00f6sung 8MB, Original 30MB auf Anfrage)<\/a><\/p>\n\n\n\n<p><a href=\"https:\/\/bahn.photos\/calendrier2015_eisenbahnfans.pdf\" target=\"_blank\" rel=\"noopener noreferrer\">Calendrier ferroviaire 2015&nbsp;(fichier PDF; 30Mo)<\/a><\/p>\n\n\n\n<p><a href=\"https:\/\/bahn.photos\/Kalender2014_eisenbahnfans.pdf\" target=\"_blank\" rel=\"noopener noreferrer\">Bahnkalender 2014 als PDF-Datei (28MB)<\/a><\/p>\n","protected":false},"excerpt":{"rendered":"<p>Cherchez-vous encore un calendrier pour 2025 ? Ici, vous ferez une trouvaille !<\/p>\n","protected":false},"author":2,"featured_media":1275,"comment_status":"open","ping_status":"open","sticky":false,"template":"","format":"standard","meta":{"footnotes":""},"categories":[48,1],"tags":[],"class_list":["post-342","post","type-post","status-publish","format-standard","has-post-thumbnail","hentry","category-nouveautes-2","category-unkategorisiert"],"_links":{"self":[{"href":"https:\/\/bahn.photos\/fr\/wp-json\/wp\/v2\/posts\/342","targetHints":{"allow":["GET"]}}],"collection":[{"href":"https:\/\/bahn.photos\/fr\/wp-json\/wp\/v2\/posts"}],"about":[{"href":"https:\/\/bahn.photos\/fr\/wp-json\/wp\/v2\/types\/post"}],"author":[{"embeddable":true,"href":"https:\/\/bahn.photos\/fr\/wp-json\/wp\/v2\/users\/2"}],"replies":[{"embeddable":true,"href":"https:\/\/bahn.photos\/fr\/wp-json\/wp\/v2\/comments?post=342"}],"version-history":[{"count":92,"href":"https:\/\/bahn.photos\/fr\/wp-json\/wp\/v2\/posts\/342\/revisions"}],"predecessor-version":[{"id":1281,"href":"https:\/\/bahn.photos\/fr\/wp-json\/wp\/v2\/posts\/342\/revisions\/1281"}],"wp:featuredmedia":[{"embeddable":true,"href":"https:\/\/bahn.photos\/fr\/wp-json\/wp\/v2\/media\/1275"}],"wp:attachment":[{"href":"https:\/\/bahn.photos\/fr\/wp-json\/wp\/v2\/media?parent=342"}],"wp:term":[{"taxonomy":"category","embeddable":true,"href":"https:\/\/bahn.photos\/fr\/wp-json\/wp\/v2\/categories?post=342"},{"taxonomy":"post_tag","embeddable":true,"href":"https:\/\/bahn.photos\/fr\/wp-json\/wp\/v2\/tags?post=342"}],"curies":[{"name":"wp","href":"https:\/\/api.w.org\/{rel}","templated":true}]}}